{"id":1103,"date":"2023-12-31T17:24:36","date_gmt":"2023-12-31T16:24:36","guid":{"rendered":"https:\/\/sy-nilsholgerson.de\/?p=1103"},"modified":"2024-01-01T17:47:46","modified_gmt":"2024-01-01T16:47:46","slug":"statistik-2023","status":"publish","type":"post","link":"https:\/\/sy-nilsholgerson.de\/?p=1103","title":{"rendered":"Statistik 2023"},"content":{"rendered":"\n<p>2023 befuhren wir Spanien, genauer Spanien im Mittelmeer. Von Gibraltar ging es ab Anfang M\u00e4rz bis hoch nach Estartit und \u00fcber die Balearen zur\u00fcck bis nach Cartagena im Juli<\/p>\n\n\n\n<figure class=\"wp-block-image size-full\"><img loading=\"lazy\" decoding=\"async\" width=\"1024\" height=\"626\" src=\"https:\/\/sy-nilsholgerson.de\/wp-content\/uploads\/2024\/01\/image.jpeg\" alt=\"Dieses Bild hat ein leeres Alt-Attribut. Der Dateiname ist Toern2023-1024x626.jpg\" class=\"wp-image-1105\" srcset=\"https:\/\/sy-nilsholgerson.de\/wp-content\/uploads\/2024\/01\/image.jpeg 1024w, https:\/\/sy-nilsholgerson.de\/wp-content\/uploads\/2024\/01\/image-300x183.jpeg 300w, https:\/\/sy-nilsholgerson.de\/wp-content\/uploads\/2024\/01\/image-768x470.jpeg 768w\" sizes=\"auto, (max-width: 1024px) 100vw, 1024px\" \/><\/figure>\n\n\n\n<p>Aus famili\u00e4ren Gr\u00fcnden haben wir nach der Sommerpause nur noch 2 kurze Abstecher zum Boot gemacht, snd aber nicht mehr gesegelt.<\/p>\n\n\n\n<p>Insgesamt standen am Ende 1270sm im Logbuch, mehrheitlich gesegelt. Das Verh\u00e4ltnis war besser als letztes Jahr. <\/p>\n\n\n\n<p>Wir sind 34 Tage gesegelt und haben 29 H\u00e4fen angelaufen, davon 3 2-fach. 3 N\u00e4chte haben wir in Buchten gelegen. 2 N\u00e4chte sind wir auf dem Wasser gewesen. <\/p>\n\n\n\n<p>Baden konnten wir von Mitte M\u00e4rz bis Mitte November. Im Sommer war es wie gewohnt zu heiss. <\/p>\n\n\n\n<p>Eines der Highlights war unser Tauchkurs in Estartit, sicherlich auch der Besuch der Alhambra im November. Nat\u00fcrlich haben wir auch Barcelona genossen. <\/p>\n","protected":false},"excerpt":{"rendered":"<p>2023 befuhren wir Spanien, genauer Spanien im Mittelmeer. Von Gibraltar ging es ab Anfang M\u00e4rz bis hoch nach Estartit und \u00fcber die Balearen zur\u00fcck bis nach Cartagena im Juli Aus famili\u00e4ren Gr\u00fcnden haben wir nach der Sommerpause nur noch 2 kurze Abstecher zum Boot gemacht, snd aber nicht mehr gesegelt. Insgesamt standen am Ende 1270sm im Logbuch, mehrheitlich gesegelt. Das<\/p>\n","protected":false},"author":1,"featured_media":0,"comment_status":"open","ping_status":"open","sticky":false,"template":"","format":"standard","meta":{"footnotes":""},"categories":[1],"tags":[],"class_list":["post-1103","post","type-post","status-publish","format-standard","hentry","category-uncategorized"],"_links":{"self":[{"href":"https:\/\/sy-nilsholgerson.de\/index.php?rest_route=\/wp\/v2\/posts\/1103","targetHints":{"allow":["GET"]}}],"collection":[{"href":"https:\/\/sy-nilsholgerson.de\/index.php?rest_route=\/wp\/v2\/posts"}],"about":[{"href":"https:\/\/sy-nilsholgerson.de\/index.php?rest_route=\/wp\/v2\/types\/post"}],"author":[{"embeddable":true,"href":"https:\/\/sy-nilsholgerson.de\/index.php?rest_route=\/wp\/v2\/users\/1"}],"replies":[{"embeddable":true,"href":"https:\/\/sy-nilsholgerson.de\/index.php?rest_route=%2Fwp%2Fv2%2Fcomments&post=1103"}],"version-history":[{"count":1,"href":"https:\/\/sy-nilsholgerson.de\/index.php?rest_route=\/wp\/v2\/posts\/1103\/revisions"}],"predecessor-version":[{"id":1106,"href":"https:\/\/sy-nilsholgerson.de\/index.php?rest_route=\/wp\/v2\/posts\/1103\/revisions\/1106"}],"wp:attachment":[{"href":"https:\/\/sy-nilsholgerson.de\/index.php?rest_route=%2Fwp%2Fv2%2Fmedia&parent=1103"}],"wp:term":[{"taxonomy":"category","embeddable":true,"href":"https:\/\/sy-nilsholgerson.de\/index.php?rest_route=%2Fwp%2Fv2%2Fcategories&post=1103"},{"taxonomy":"post_tag","embeddable":true,"href":"https:\/\/sy-nilsholgerson.de\/index.php?rest_route=%2Fwp%2Fv2%2Ftags&post=1103"}],"curies":[{"name":"wp","href":"https:\/\/api.w.org\/{rel}","templated":true}]}}